{"id":4175,"date":"2023-10-16T18:39:44","date_gmt":"2023-10-16T18:39:44","guid":{"rendered":"https:\/\/www.celaplatforms.com\/ricollocazione-aziendale-cela-si-trasferisce-in-un-impianto-ampliato-a-castegnato\/"},"modified":"2024-01-12T14:31:03","modified_gmt":"2024-01-12T14:31:03","slug":"ricollocazione-aziendale-cela-si-trasferisce-in-un-impianto-ampliato-a-castegnato","status":"publish","type":"post","link":"https:\/\/www.celaplatforms.com\/it\/ricollocazione-aziendale-cela-si-trasferisce-in-un-impianto-ampliato-a-castegnato\/","title":{"rendered":"Ricollocazione Aziendale: Cela si trasferisce in un impianto ampliato a Castegnato"},"content":{"rendered":"\n<p>In una mossa significativa mirata a potenziare le proprie capacit\u00e0 e soddisfare la sempre crescente domanda di piattaforme aeree industriali e antincendio, la Cela annuncia con orgoglio il suo trasferimento da Corte Franca a Castegnato, entrambe situate nella provincia di Brescia.<\/p>\n\n<!--more-->\n\n<p>La decisione di trasferirsi in un nuovo impianto esteso su 32.000 metri quadrati sottolinea l&#8217;impegno della Cela nel fornire prodotti e servizi superiori alla propria clientela apprezzata. Il trasferimento \u00e8 guidato dalla visione strategica dell&#8217;azienda di soddisfare le crescenti esigenze del mercato dell&#8217;equipaggiamento industriale e antincendio.<br\/><br\/>Il nuovo impianto all&#8217;avanguardia a Castegnato \u00e8 progettato meticolosamente per permettere alla Cela di offrire una gamma pi\u00f9 ampia di piattaforme aeree e soluzioni antincendio ai propri clienti. Questa espansione non \u00e8 soltanto una testimonianza della notevole crescita dell&#8217;azienda, ma anche una garanzia della sua dedizione nel fornire eccellenza nel settore.<br\/><br\/>Il Sig. Troni, Presidente della Cela, ha espresso il suo entusiasmo per questo traguardo significativo, affermando: &#8220;Il nostro nuovo impianto non \u00e8 soltanto un trasloco fisico; \u00e8 un passo importante verso un miglior servizio per i nostri clienti e l&#8217;industria. Ci consente di innovare ulteriormente e migliorare la qualit\u00e0 dei nostri prodotti e servizi.&#8221;<br\/><br\/>Il trasferimento strategico assicura che la Cela sia posizionata in modo ottimale per mantenere la sua forte presenza sul mercato e continuare a fornire piattaforme aeree industriali e antincendio di alta qualit\u00e0. Con una capacit\u00e0 produttiva aumentata e un&#8217;infrastruttura migliorata, l&#8217;azienda \u00e8 pronta per una crescita notevole e un futuro pi\u00f9 brillante.<br\/><br\/>Clienti e partner possono aspettarsi lo stesso impegno per la qualit\u00e0 e l&#8217;innovazione da parte della Cela, mentre il trasferimento a Castegnato permette un servizio ancora migliore. Il team esperto dell&#8217;azienda rimane dedicato a fornire attrezzature ad alte prestazioni e un supporto clienti di prim&#8217;ordine.<br\/><br\/>Il trasferimento della Cela \u00e8 una testimonianza della sua incessante ricerca dell&#8217;eccellenza e della sua determinazione nel rimanere all&#8217;avanguardia del settore. Entrando in questa nuova fase di espansione, la Cela si impegna a servire i propri clienti con capacit\u00e0 migliorate, soluzioni innovative e un impegno incrollabile per il loro successo.<\/p>\n\n<figure class=\"wp-block-image size-large\"><img loading=\"lazy\" decoding=\"async\" width=\"768\" height=\"1024\" src=\"https:\/\/www.celaplatforms.com\/wp-content\/uploads\/2023\/10\/news1-1-768x1024.jpeg\" alt=\"\" class=\"wp-image-2458\" srcset=\"https:\/\/www.celaplatforms.com\/wp-content\/uploads\/2023\/10\/news1-1-768x1024.jpeg 768w, https:\/\/www.celaplatforms.com\/wp-content\/uploads\/2023\/10\/news1-1-225x300.jpeg 225w, https:\/\/www.celaplatforms.com\/wp-content\/uploads\/2023\/10\/news1-1-1152x1536.jpeg 1152w, https:\/\/www.celaplatforms.com\/wp-content\/uploads\/2023\/10\/news1-1-560x747.jpeg 560w, https:\/\/www.celaplatforms.com\/wp-content\/uploads\/2023\/10\/news1-1-840x1120.jpeg 840w, https:\/\/www.celaplatforms.com\/wp-content\/uploads\/2023\/10\/news1-1.jpeg 1200w\" sizes=\"auto, (max-width: 768px) 100vw, 768px\" \/><\/figure>\n","protected":false},"excerpt":{"rendered":"<p>In una mossa significativa mirata a potenziare le proprie capacit\u00e0 e soddisfare la sempre crescente domanda di piattaforme aeree industriali e antincendio, la Cela annuncia con orgoglio il suo trasferimento da Corte Franca a Castegnato, entrambe situate nella provincia di Brescia.<\/p>\n","protected":false},"author":2,"featured_media":3982,"comment_status":"open","ping_status":"open","sticky":true,"template":"","format":"standard","meta":{"footnotes":""},"categories":[19],"tags":[],"class_list":["post-4175","post","type-post","status-publish","format-standard","has-post-thumbnail","hentry","category-non-categorizzato"],"yoast_head":"<!-- This site is optimized with the Yoast SEO plugin v26.5 - https:\/\/yoast.com\/wordpress\/plugins\/seo\/ -->\n<title>Ricollocazione Aziendale: Cela si trasferisce in un impianto ampliato a Castegnato - Cela<\/title>\n<meta name=\"description\" content=\"Ricollocazione Aziendale: Cela si trasferisce in un impianto ampliato a Castegnato\" \/>\n<meta name=\"robots\" content=\"index, follow, max-snippet:-1, max-image-preview:large, max-video-preview:-1\" \/>\n<link rel=\"canonical\" href=\"https:\/\/www.celaplatforms.com\/it\/ricollocazione-aziendale-cela-si-trasferisce-in-un-impianto-ampliato-a-castegnato\/\" \/>\n<meta property=\"og:locale\" content=\"it_IT\" \/>\n<meta property=\"og:type\" content=\"article\" \/>\n<meta property=\"og:title\" content=\"Ricollocazione Aziendale: Cela si trasferisce in un impianto ampliato a Castegnato - Cela\" \/>\n<meta property=\"og:description\" content=\"Ricollocazione Aziendale: Cela si trasferisce in un impianto ampliato a Castegnato\" \/>\n<meta property=\"og:url\" content=\"https:\/\/www.celaplatforms.com\/it\/ricollocazione-aziendale-cela-si-trasferisce-in-un-impianto-ampliato-a-castegnato\/\" \/>\n<meta property=\"og:site_name\" content=\"Cela\" \/>\n<meta property=\"article:published_time\" content=\"2023-10-16T18:39:44+00:00\" \/>\n<meta property=\"article:modified_time\" content=\"2024-01-12T14:31:03+00:00\" \/>\n<meta property=\"og:image\" content=\"https:\/\/www.celaplatforms.com\/wp-content\/uploads\/2023\/10\/News1.portada-scaled.jpeg\" \/>\n\t<meta property=\"og:image:width\" content=\"1920\" \/>\n\t<meta property=\"og:image:height\" content=\"2560\" \/>\n\t<meta property=\"og:image:type\" content=\"image\/jpeg\" \/>\n<meta name=\"author\" content=\"massi.moltrasio@gmail.com\" \/>\n<meta name=\"twitter:card\" content=\"summary_large_image\" \/>\n<meta name=\"twitter:label1\" content=\"Scritto da\" \/>\n\t<meta name=\"twitter:data1\" content=\"massi.moltrasio@gmail.com\" \/>\n\t<meta name=\"twitter:label2\" content=\"Tempo di lettura stimato\" \/>\n\t<meta name=\"twitter:data2\" content=\"2 minuti\" \/>\n<script type=\"application\/ld+json\" class=\"yoast-schema-graph\">{\"@context\":\"https:\/\/schema.org\",\"@graph\":[{\"@type\":\"Article\",\"@id\":\"https:\/\/www.celaplatforms.com\/it\/ricollocazione-aziendale-cela-si-trasferisce-in-un-impianto-ampliato-a-castegnato\/#article\",\"isPartOf\":{\"@id\":\"https:\/\/www.celaplatforms.com\/it\/ricollocazione-aziendale-cela-si-trasferisce-in-un-impianto-ampliato-a-castegnato\/\"},\"author\":{\"name\":\"massi.moltrasio@gmail.com\",\"@id\":\"https:\/\/www.celaplatforms.com\/it\/#\/schema\/person\/02b641f6386205356f957d912b6b48ab\"},\"headline\":\"Ricollocazione Aziendale: Cela si trasferisce in un impianto ampliato a Castegnato\",\"datePublished\":\"2023-10-16T18:39:44+00:00\",\"dateModified\":\"2024-01-12T14:31:03+00:00\",\"mainEntityOfPage\":{\"@id\":\"https:\/\/www.celaplatforms.com\/it\/ricollocazione-aziendale-cela-si-trasferisce-in-un-impianto-ampliato-a-castegnato\/\"},\"wordCount\":355,\"commentCount\":0,\"publisher\":{\"@id\":\"https:\/\/www.celaplatforms.com\/it\/#organization\"},\"image\":{\"@id\":\"https:\/\/www.celaplatforms.com\/it\/ricollocazione-aziendale-cela-si-trasferisce-in-un-impianto-ampliato-a-castegnato\/#primaryimage\"},\"thumbnailUrl\":\"https:\/\/www.celaplatforms.com\/wp-content\/uploads\/2023\/10\/News1.portada-scaled.jpeg\",\"articleSection\":[\"Non categorizzato\"],\"inLanguage\":\"it-IT\",\"potentialAction\":[{\"@type\":\"CommentAction\",\"name\":\"Comment\",\"target\":[\"https:\/\/www.celaplatforms.com\/it\/ricollocazione-aziendale-cela-si-trasferisce-in-un-impianto-ampliato-a-castegnato\/#respond\"]}]},{\"@type\":\"WebPage\",\"@id\":\"https:\/\/www.celaplatforms.com\/it\/ricollocazione-aziendale-cela-si-trasferisce-in-un-impianto-ampliato-a-castegnato\/\",\"url\":\"https:\/\/www.celaplatforms.com\/it\/ricollocazione-aziendale-cela-si-trasferisce-in-un-impianto-ampliato-a-castegnato\/\",\"name\":\"Ricollocazione Aziendale: Cela si trasferisce in un impianto ampliato a Castegnato - Cela\",\"isPartOf\":{\"@id\":\"https:\/\/www.celaplatforms.com\/it\/#website\"},\"primaryImageOfPage\":{\"@id\":\"https:\/\/www.celaplatforms.com\/it\/ricollocazione-aziendale-cela-si-trasferisce-in-un-impianto-ampliato-a-castegnato\/#primaryimage\"},\"image\":{\"@id\":\"https:\/\/www.celaplatforms.com\/it\/ricollocazione-aziendale-cela-si-trasferisce-in-un-impianto-ampliato-a-castegnato\/#primaryimage\"},\"thumbnailUrl\":\"https:\/\/www.celaplatforms.com\/wp-content\/uploads\/2023\/10\/News1.portada-scaled.jpeg\",\"datePublished\":\"2023-10-16T18:39:44+00:00\",\"dateModified\":\"2024-01-12T14:31:03+00:00\",\"description\":\"Ricollocazione Aziendale: Cela si trasferisce in un impianto ampliato a Castegnato\",\"breadcrumb\":{\"@id\":\"https:\/\/www.celaplatforms.com\/it\/ricollocazione-aziendale-cela-si-trasferisce-in-un-impianto-ampliato-a-castegnato\/#breadcrumb\"},\"inLanguage\":\"it-IT\",\"potentialAction\":[{\"@type\":\"ReadAction\",\"target\":[\"https:\/\/www.celaplatforms.com\/it\/ricollocazione-aziendale-cela-si-trasferisce-in-un-impianto-ampliato-a-castegnato\/\"]}]},{\"@type\":\"ImageObject\",\"inLanguage\":\"it-IT\",\"@id\":\"https:\/\/www.celaplatforms.com\/it\/ricollocazione-aziendale-cela-si-trasferisce-in-un-impianto-ampliato-a-castegnato\/#primaryimage\",\"url\":\"https:\/\/www.celaplatforms.com\/wp-content\/uploads\/2023\/10\/News1.portada-scaled.jpeg\",\"contentUrl\":\"https:\/\/www.celaplatforms.com\/wp-content\/uploads\/2023\/10\/News1.portada-scaled.jpeg\",\"width\":1920,\"height\":2560},{\"@type\":\"BreadcrumbList\",\"@id\":\"https:\/\/www.celaplatforms.com\/it\/ricollocazione-aziendale-cela-si-trasferisce-in-un-impianto-ampliato-a-castegnato\/#breadcrumb\",\"itemListElement\":[{\"@type\":\"ListItem\",\"position\":1,\"name\":\"Home\",\"item\":\"https:\/\/www.celaplatforms.com\/it\/\"},{\"@type\":\"ListItem\",\"position\":2,\"name\":\"Ricollocazione Aziendale: Cela si trasferisce in un impianto ampliato a Castegnato\"}]},{\"@type\":\"WebSite\",\"@id\":\"https:\/\/www.celaplatforms.com\/it\/#website\",\"url\":\"https:\/\/www.celaplatforms.com\/it\/\",\"name\":\"Cela\",\"description\":\"Global supplier of aerial platforms\",\"publisher\":{\"@id\":\"https:\/\/www.celaplatforms.com\/it\/#organization\"},\"potentialAction\":[{\"@type\":\"SearchAction\",\"target\":{\"@type\":\"EntryPoint\",\"urlTemplate\":\"https:\/\/www.celaplatforms.com\/it\/?s={search_term_string}\"},\"query-input\":{\"@type\":\"PropertyValueSpecification\",\"valueRequired\":true,\"valueName\":\"search_term_string\"}}],\"inLanguage\":\"it-IT\"},{\"@type\":\"Organization\",\"@id\":\"https:\/\/www.celaplatforms.com\/it\/#organization\",\"name\":\"Cela Srl\",\"url\":\"https:\/\/www.celaplatforms.com\/it\/\",\"logo\":{\"@type\":\"ImageObject\",\"inLanguage\":\"it-IT\",\"@id\":\"https:\/\/www.celaplatforms.com\/it\/#\/schema\/logo\/image\/\",\"url\":\"https:\/\/1212.agency\/cela2\/wp-content\/uploads\/2023\/07\/CELA1.png\",\"contentUrl\":\"https:\/\/1212.agency\/cela2\/wp-content\/uploads\/2023\/07\/CELA1.png\",\"width\":4204,\"height\":689,\"caption\":\"Cela Srl\"},\"image\":{\"@id\":\"https:\/\/www.celaplatforms.com\/it\/#\/schema\/logo\/image\/\"}},{\"@type\":\"Person\",\"@id\":\"https:\/\/www.celaplatforms.com\/it\/#\/schema\/person\/02b641f6386205356f957d912b6b48ab\",\"name\":\"massi.moltrasio@gmail.com\",\"image\":{\"@type\":\"ImageObject\",\"inLanguage\":\"it-IT\",\"@id\":\"https:\/\/www.celaplatforms.com\/it\/#\/schema\/person\/image\/\",\"url\":\"https:\/\/secure.gravatar.com\/avatar\/0873004bb4f1b4caeb3554e43d599ff7195328c4bf00e1862c690a5d772c933b?s=96&d=mm&r=g\",\"contentUrl\":\"https:\/\/secure.gravatar.com\/avatar\/0873004bb4f1b4caeb3554e43d599ff7195328c4bf00e1862c690a5d772c933b?s=96&d=mm&r=g\",\"caption\":\"massi.moltrasio@gmail.com\"},\"url\":\"https:\/\/www.celaplatforms.com\/it\/author\/massi-moltrasiogmail-com\/\"}]}<\/script>\n<!-- \/ Yoast SEO plugin. -->","yoast_head_json":{"title":"Ricollocazione Aziendale: Cela si trasferisce in un impianto ampliato a Castegnato - Cela","description":"Ricollocazione Aziendale: Cela si trasferisce in un impianto ampliato a Castegnato","robots":{"index":"index","follow":"follow","max-snippet":"max-snippet:-1","max-image-preview":"max-image-preview:large","max-video-preview":"max-video-preview:-1"},"canonical":"https:\/\/www.celaplatforms.com\/it\/ricollocazione-aziendale-cela-si-trasferisce-in-un-impianto-ampliato-a-castegnato\/","og_locale":"it_IT","og_type":"article","og_title":"Ricollocazione Aziendale: Cela si trasferisce in un impianto ampliato a Castegnato - Cela","og_description":"Ricollocazione Aziendale: Cela si trasferisce in un impianto ampliato a Castegnato","og_url":"https:\/\/www.celaplatforms.com\/it\/ricollocazione-aziendale-cela-si-trasferisce-in-un-impianto-ampliato-a-castegnato\/","og_site_name":"Cela","article_published_time":"2023-10-16T18:39:44+00:00","article_modified_time":"2024-01-12T14:31:03+00:00","og_image":[{"width":1920,"height":2560,"url":"https:\/\/www.celaplatforms.com\/wp-content\/uploads\/2023\/10\/News1.portada-scaled.jpeg","type":"image\/jpeg"}],"author":"massi.moltrasio@gmail.com","twitter_card":"summary_large_image","twitter_misc":{"Scritto da":"massi.moltrasio@gmail.com","Tempo di lettura stimato":"2 minuti"},"schema":{"@context":"https:\/\/schema.org","@graph":[{"@type":"Article","@id":"https:\/\/www.celaplatforms.com\/it\/ricollocazione-aziendale-cela-si-trasferisce-in-un-impianto-ampliato-a-castegnato\/#article","isPartOf":{"@id":"https:\/\/www.celaplatforms.com\/it\/ricollocazione-aziendale-cela-si-trasferisce-in-un-impianto-ampliato-a-castegnato\/"},"author":{"name":"massi.moltrasio@gmail.com","@id":"https:\/\/www.celaplatforms.com\/it\/#\/schema\/person\/02b641f6386205356f957d912b6b48ab"},"headline":"Ricollocazione Aziendale: Cela si trasferisce in un impianto ampliato a Castegnato","datePublished":"2023-10-16T18:39:44+00:00","dateModified":"2024-01-12T14:31:03+00:00","mainEntityOfPage":{"@id":"https:\/\/www.celaplatforms.com\/it\/ricollocazione-aziendale-cela-si-trasferisce-in-un-impianto-ampliato-a-castegnato\/"},"wordCount":355,"commentCount":0,"publisher":{"@id":"https:\/\/www.celaplatforms.com\/it\/#organization"},"image":{"@id":"https:\/\/www.celaplatforms.com\/it\/ricollocazione-aziendale-cela-si-trasferisce-in-un-impianto-ampliato-a-castegnato\/#primaryimage"},"thumbnailUrl":"https:\/\/www.celaplatforms.com\/wp-content\/uploads\/2023\/10\/News1.portada-scaled.jpeg","articleSection":["Non categorizzato"],"inLanguage":"it-IT","potentialAction":[{"@type":"CommentAction","name":"Comment","target":["https:\/\/www.celaplatforms.com\/it\/ricollocazione-aziendale-cela-si-trasferisce-in-un-impianto-ampliato-a-castegnato\/#respond"]}]},{"@type":"WebPage","@id":"https:\/\/www.celaplatforms.com\/it\/ricollocazione-aziendale-cela-si-trasferisce-in-un-impianto-ampliato-a-castegnato\/","url":"https:\/\/www.celaplatforms.com\/it\/ricollocazione-aziendale-cela-si-trasferisce-in-un-impianto-ampliato-a-castegnato\/","name":"Ricollocazione Aziendale: Cela si trasferisce in un impianto ampliato a Castegnato - Cela","isPartOf":{"@id":"https:\/\/www.celaplatforms.com\/it\/#website"},"primaryImageOfPage":{"@id":"https:\/\/www.celaplatforms.com\/it\/ricollocazione-aziendale-cela-si-trasferisce-in-un-impianto-ampliato-a-castegnato\/#primaryimage"},"image":{"@id":"https:\/\/www.celaplatforms.com\/it\/ricollocazione-aziendale-cela-si-trasferisce-in-un-impianto-ampliato-a-castegnato\/#primaryimage"},"thumbnailUrl":"https:\/\/www.celaplatforms.com\/wp-content\/uploads\/2023\/10\/News1.portada-scaled.jpeg","datePublished":"2023-10-16T18:39:44+00:00","dateModified":"2024-01-12T14:31:03+00:00","description":"Ricollocazione Aziendale: Cela si trasferisce in un impianto ampliato a Castegnato","breadcrumb":{"@id":"https:\/\/www.celaplatforms.com\/it\/ricollocazione-aziendale-cela-si-trasferisce-in-un-impianto-ampliato-a-castegnato\/#breadcrumb"},"inLanguage":"it-IT","potentialAction":[{"@type":"ReadAction","target":["https:\/\/www.celaplatforms.com\/it\/ricollocazione-aziendale-cela-si-trasferisce-in-un-impianto-ampliato-a-castegnato\/"]}]},{"@type":"ImageObject","inLanguage":"it-IT","@id":"https:\/\/www.celaplatforms.com\/it\/ricollocazione-aziendale-cela-si-trasferisce-in-un-impianto-ampliato-a-castegnato\/#primaryimage","url":"https:\/\/www.celaplatforms.com\/wp-content\/uploads\/2023\/10\/News1.portada-scaled.jpeg","contentUrl":"https:\/\/www.celaplatforms.com\/wp-content\/uploads\/2023\/10\/News1.portada-scaled.jpeg","width":1920,"height":2560},{"@type":"BreadcrumbList","@id":"https:\/\/www.celaplatforms.com\/it\/ricollocazione-aziendale-cela-si-trasferisce-in-un-impianto-ampliato-a-castegnato\/#breadcrumb","itemListElement":[{"@type":"ListItem","position":1,"name":"Home","item":"https:\/\/www.celaplatforms.com\/it\/"},{"@type":"ListItem","position":2,"name":"Ricollocazione Aziendale: Cela si trasferisce in un impianto ampliato a Castegnato"}]},{"@type":"WebSite","@id":"https:\/\/www.celaplatforms.com\/it\/#website","url":"https:\/\/www.celaplatforms.com\/it\/","name":"Cela","description":"Global supplier of aerial platforms","publisher":{"@id":"https:\/\/www.celaplatforms.com\/it\/#organization"},"potentialAction":[{"@type":"SearchAction","target":{"@type":"EntryPoint","urlTemplate":"https:\/\/www.celaplatforms.com\/it\/?s={search_term_string}"},"query-input":{"@type":"PropertyValueSpecification","valueRequired":true,"valueName":"search_term_string"}}],"inLanguage":"it-IT"},{"@type":"Organization","@id":"https:\/\/www.celaplatforms.com\/it\/#organization","name":"Cela Srl","url":"https:\/\/www.celaplatforms.com\/it\/","logo":{"@type":"ImageObject","inLanguage":"it-IT","@id":"https:\/\/www.celaplatforms.com\/it\/#\/schema\/logo\/image\/","url":"https:\/\/1212.agency\/cela2\/wp-content\/uploads\/2023\/07\/CELA1.png","contentUrl":"https:\/\/1212.agency\/cela2\/wp-content\/uploads\/2023\/07\/CELA1.png","width":4204,"height":689,"caption":"Cela Srl"},"image":{"@id":"https:\/\/www.celaplatforms.com\/it\/#\/schema\/logo\/image\/"}},{"@type":"Person","@id":"https:\/\/www.celaplatforms.com\/it\/#\/schema\/person\/02b641f6386205356f957d912b6b48ab","name":"massi.moltrasio@gmail.com","image":{"@type":"ImageObject","inLanguage":"it-IT","@id":"https:\/\/www.celaplatforms.com\/it\/#\/schema\/person\/image\/","url":"https:\/\/secure.gravatar.com\/avatar\/0873004bb4f1b4caeb3554e43d599ff7195328c4bf00e1862c690a5d772c933b?s=96&d=mm&r=g","contentUrl":"https:\/\/secure.gravatar.com\/avatar\/0873004bb4f1b4caeb3554e43d599ff7195328c4bf00e1862c690a5d772c933b?s=96&d=mm&r=g","caption":"massi.moltrasio@gmail.com"},"url":"https:\/\/www.celaplatforms.com\/it\/author\/massi-moltrasiogmail-com\/"}]}},"_links":{"self":[{"href":"https:\/\/www.celaplatforms.com\/it\/wp-json\/wp\/v2\/posts\/4175","targetHints":{"allow":["GET"]}}],"collection":[{"href":"https:\/\/www.celaplatforms.com\/it\/wp-json\/wp\/v2\/posts"}],"about":[{"href":"https:\/\/www.celaplatforms.com\/it\/wp-json\/wp\/v2\/types\/post"}],"author":[{"embeddable":true,"href":"https:\/\/www.celaplatforms.com\/it\/wp-json\/wp\/v2\/users\/2"}],"replies":[{"embeddable":true,"href":"https:\/\/www.celaplatforms.com\/it\/wp-json\/wp\/v2\/comments?post=4175"}],"version-history":[{"count":1,"href":"https:\/\/www.celaplatforms.com\/it\/wp-json\/wp\/v2\/posts\/4175\/revisions"}],"predecessor-version":[{"id":4176,"href":"https:\/\/www.celaplatforms.com\/it\/wp-json\/wp\/v2\/posts\/4175\/revisions\/4176"}],"wp:featuredmedia":[{"embeddable":true,"href":"https:\/\/www.celaplatforms.com\/it\/wp-json\/wp\/v2\/media\/3982"}],"wp:attachment":[{"href":"https:\/\/www.celaplatforms.com\/it\/wp-json\/wp\/v2\/media?parent=4175"}],"wp:term":[{"taxonomy":"category","embeddable":true,"href":"https:\/\/www.celaplatforms.com\/it\/wp-json\/wp\/v2\/categories?post=4175"},{"taxonomy":"post_tag","embeddable":true,"href":"https:\/\/www.celaplatforms.com\/it\/wp-json\/wp\/v2\/tags?post=4175"}],"curies":[{"name":"wp","href":"https:\/\/api.w.org\/{rel}","templated":true}]}}