{"id":5410,"date":"2024-06-14T15:43:30","date_gmt":"2024-06-14T15:43:30","guid":{"rendered":"https:\/\/www.celaplatforms.com\/nuova-cela-dt-truck-28-fe-per-patente-b-presentata-alla-prima-edizione-del-cela-dealer-expo\/"},"modified":"2024-06-14T15:55:49","modified_gmt":"2024-06-14T15:55:49","slug":"nuova-cela-dt-truck-28-fe-per-patente-b-presentata-alla-prima-edizione-del-cela-dealer-expo","status":"publish","type":"post","link":"https:\/\/www.celaplatforms.com\/it\/nuova-cela-dt-truck-28-fe-per-patente-b-presentata-alla-prima-edizione-del-cela-dealer-expo\/","title":{"rendered":"Nuova CELA DT Truck 28 FE per patente B presentata alla Prima Edizione del CELA DEALER EXPO"},"content":{"rendered":"\n<h2 class=\"wp-block-heading\">Cela ha presentato la DT Truck 28 FE per patente di categoria B al CELA DEALER EXPO con rappresentanti internazionali e innovazioni di punta.<\/h2>\n\n<!--more-->\n\n<p>Ieri si \u00e8 svolto un evento memorabile per Cela: la prima edizione del CELA DEALER EXPO. Presso il prestigioso Golf Club Franciacorta, numerosi rivenditori Cela del settore industriale si sono riuniti per un incontro ricco di innovazione e presentazioni esclusive. All&#8217;evento hanno partecipato rappresentanti di diversi paesi, tra cui Danimarca, Polonia, Repubblica Ceca, Stati Uniti, Cina, Corea, Francia, UK, Germania, Giappone e Svizzera.<\/p>\n\n<p><strong>Durante l&#8217;incontro, sono state presentate alcune delle macchine pi\u00f9 avanzate di Cela:<\/strong><\/p>\n\n<p>DT Truck 25: Il cavallo di battaglia di Cela, riconosciuto per la sua affidabilit\u00e0 e prestazioni. DT Truck 60: La nuovissima piattaforma da 60 metri montata su un camion da 18 tonnellate, che ha suscitato grande interesse.<\/p>\n\n<p>DT Crawler 25 Hybrid: Il nuovo ragno ibrido, un concentrato di tecnologia e sostenibilit\u00e0.<\/p>\n\n<p>ST 16: Un&#8217;applicazione speciale, sterzante dal cesto, che ha dimostrato una notevole versatilit\u00e0.<\/p>\n\n<p>DT Truck 28 FE: La regina della serata, una piattaforma da 28 metri montata su camion da 3,5 tonnellate e conducibile con patente B.<\/p>\n\n<p><strong>Presentazione della Nuova Piattaforma DT Truck 28 FE<\/strong><\/p>\n\n<p>Durante l&#8217;evento, abbiamo anche avuto l&#8217;onore di presentare la nostra nuovissima piattaforma autocarrata, la DT Truck 28 FE, che arricchisce la nostra gamma di prodotti da 15 a 60 metri.<\/p>\n\n<p>Questa piattaforma, con un&#8217;altezza di lavoro di 28 metri e guidabile con una patente B, rappresenta un nuovo traguardo tecnologico nel settore.<\/p>\n\n<p>Paolo Troni, presidente di Cela, ha dichiarato: &#8220;La nostra visione era creare una piattaforma leggera e rivoluzionaria, perfetta per i noleggiatori che desiderano una soluzione affidabile e conveniente senza dover usare patenti pi\u00f9 complesse come la patente C&#8221;.<\/p>\n\n<p><strong>Innovazione e Prestazioni Eccezionali<\/strong><\/p>\n\n<p>&#8220;Sviluppare una piattaforma che combina un&#8217;altezza di lavoro di oltre 28 metri, un&#8217;estensione di 14 metri e una capacit\u00e0 di 250 kg, rispettando le limitazioni di peso della patente B, \u00e8 stata una sfida di due anni. Il risultato \u00e8 davvero sorprendente,&#8221; ha aggiunto Troni.<\/p>\n\n<p><strong>Affidabilit\u00e0 e Convenienza<\/strong><\/p>\n\n<p>La DT Truck 28 FE, dotata del nostro celebre braccio doppio telescopico, incarna anni di innovazione e affidabilit\u00e0, soprattutto in situazioni critiche grazie alla nostra lunga esperienza nel settore antincendio. Il nuovo stabilimento di Castegnato ci ha permesso di raggiungere un livello di industrializzazione che offre un prezzo molto competitivo.<\/p>\n\n<p><strong>Compatibilit\u00e0 con Industria 4.0 e 5.0<\/strong><\/p>\n\n<p>La DT Truck 28 FE \u00e8 disponibile esclusivamente su camion Iveco Daily ed \u00e8 completamente compatibile con i requisiti dei programmi Industria 4.0 e 5.0.<\/p>\n\n<div class=\"wp-block-group\"><div class=\"wp-block-group__inner-container is-layout-constrained wp-block-group-is-layout-constrained\">\n<figure class=\"wp-block-gallery has-nested-images columns-default is-cropped wp-block-gallery-1 is-layout-flex wp-block-gallery-is-layout-flex\">\n<figure class=\"wp-block-image size-large\"><img loading=\"lazy\" decoding=\"async\" width=\"768\" height=\"1024\" data-id=\"5398\" src=\"https:\/\/www.celaplatforms.com\/wp-content\/uploads\/2024\/06\/IMG_0019-768x1024.jpeg\" alt=\"\" class=\"wp-image-5398\" srcset=\"https:\/\/www.celaplatforms.com\/wp-content\/uploads\/2024\/06\/IMG_0019-768x1024.jpeg 768w, https:\/\/www.celaplatforms.com\/wp-content\/uploads\/2024\/06\/IMG_0019-225x300.jpeg 225w, https:\/\/www.celaplatforms.com\/wp-content\/uploads\/2024\/06\/IMG_0019-1152x1536.jpeg 1152w, https:\/\/www.celaplatforms.com\/wp-content\/uploads\/2024\/06\/IMG_0019-1536x2048.jpeg 1536w, https:\/\/www.celaplatforms.com\/wp-content\/uploads\/2024\/06\/IMG_0019-560x747.jpeg 560w, https:\/\/www.celaplatforms.com\/wp-content\/uploads\/2024\/06\/IMG_0019-840x1120.jpeg 840w, https:\/\/www.celaplatforms.com\/wp-content\/uploads\/2024\/06\/IMG_0019-1440x1920.jpeg 1440w, https:\/\/www.celaplatforms.com\/wp-content\/uploads\/2024\/06\/IMG_0019-scaled.jpeg 1920w\" sizes=\"auto, (max-width: 768px) 100vw, 768px\" \/><\/figure>\n\n\n\n<figure class=\"wp-block-image size-large\"><img loading=\"lazy\" decoding=\"async\" width=\"768\" height=\"1024\" data-id=\"5400\" src=\"https:\/\/www.celaplatforms.com\/wp-content\/uploads\/2024\/06\/IMG_9977-768x1024.jpeg\" alt=\"\" class=\"wp-image-5400\" srcset=\"https:\/\/www.celaplatforms.com\/wp-content\/uploads\/2024\/06\/IMG_9977-768x1024.jpeg 768w, https:\/\/www.celaplatforms.com\/wp-content\/uploads\/2024\/06\/IMG_9977-225x300.jpeg 225w, https:\/\/www.celaplatforms.com\/wp-content\/uploads\/2024\/06\/IMG_9977-1152x1536.jpeg 1152w, https:\/\/www.celaplatforms.com\/wp-content\/uploads\/2024\/06\/IMG_9977-1536x2048.jpeg 1536w, https:\/\/www.celaplatforms.com\/wp-content\/uploads\/2024\/06\/IMG_9977-560x747.jpeg 560w, https:\/\/www.celaplatforms.com\/wp-content\/uploads\/2024\/06\/IMG_9977-840x1120.jpeg 840w, https:\/\/www.celaplatforms.com\/wp-content\/uploads\/2024\/06\/IMG_9977-1440x1920.jpeg 1440w, https:\/\/www.celaplatforms.com\/wp-content\/uploads\/2024\/06\/IMG_9977-scaled.jpeg 1920w\" sizes=\"auto, (max-width: 768px) 100vw, 768px\" \/><\/figure>\n<\/figure>\n<\/div><\/div>\n","protected":false},"excerpt":{"rendered":"<p>Cela ha presentato la DT Truck 28 FE per patente di categoria B al CELA DEALER EXPO con rappresentanti internazionali e innovazioni di punta.<\/p>\n","protected":false},"author":1,"featured_media":5397,"comment_status":"open","ping_status":"open","sticky":false,"template":"","format":"standard","meta":{"footnotes":""},"categories":[19],"tags":[],"class_list":["post-5410","post","type-post","status-publish","format-standard","has-post-thumbnail","hentry","category-non-categorizzato"],"yoast_head":"<!-- This site is optimized with the Yoast SEO plugin v26.5 - https:\/\/yoast.com\/wordpress\/plugins\/seo\/ -->\n<title>Nuova CELA DT Truck 28 FE per patente B presentata alla Prima Edizione del CELA DEALER EXPO - Cela<\/title>\n<meta name=\"description\" content=\"Nuova CELA DT Truck 28 FE per patente B presentata alla Prima Edizione del CELA DEALER EXPO\" \/>\n<meta name=\"robots\" content=\"index, follow, max-snippet:-1, max-image-preview:large, max-video-preview:-1\" \/>\n<link rel=\"canonical\" href=\"https:\/\/www.celaplatforms.com\/it\/nuova-cela-dt-truck-28-fe-per-patente-b-presentata-alla-prima-edizione-del-cela-dealer-expo\/\" \/>\n<meta property=\"og:locale\" content=\"it_IT\" \/>\n<meta property=\"og:type\" content=\"article\" \/>\n<meta property=\"og:title\" content=\"Nuova CELA DT Truck 28 FE per patente B presentata alla Prima Edizione del CELA DEALER EXPO - Cela\" \/>\n<meta property=\"og:description\" content=\"Nuova CELA DT Truck 28 FE per patente B presentata alla Prima Edizione del CELA DEALER EXPO\" \/>\n<meta property=\"og:url\" content=\"https:\/\/www.celaplatforms.com\/it\/nuova-cela-dt-truck-28-fe-per-patente-b-presentata-alla-prima-edizione-del-cela-dealer-expo\/\" \/>\n<meta property=\"og:site_name\" content=\"Cela\" \/>\n<meta property=\"article:published_time\" content=\"2024-06-14T15:43:30+00:00\" \/>\n<meta property=\"article:modified_time\" content=\"2024-06-14T15:55:49+00:00\" \/>\n<meta property=\"og:image\" content=\"https:\/\/www.celaplatforms.com\/wp-content\/uploads\/2024\/06\/IMG_9975-scaled.jpeg\" \/>\n\t<meta property=\"og:image:width\" content=\"2560\" \/>\n\t<meta property=\"og:image:height\" content=\"1920\" \/>\n\t<meta property=\"og:image:type\" content=\"image\/jpeg\" \/>\n<meta name=\"author\" content=\"veronica@1212.agency\" \/>\n<meta name=\"twitter:card\" content=\"summary_large_image\" \/>\n<meta name=\"twitter:label1\" content=\"Scritto da\" \/>\n\t<meta name=\"twitter:data1\" content=\"veronica@1212.agency\" \/>\n\t<meta name=\"twitter:label2\" content=\"Tempo di lettura stimato\" \/>\n\t<meta name=\"twitter:data2\" content=\"2 minuti\" \/>\n<script type=\"application\/ld+json\" class=\"yoast-schema-graph\">{\"@context\":\"https:\/\/schema.org\",\"@graph\":[{\"@type\":\"Article\",\"@id\":\"https:\/\/www.celaplatforms.com\/it\/nuova-cela-dt-truck-28-fe-per-patente-b-presentata-alla-prima-edizione-del-cela-dealer-expo\/#article\",\"isPartOf\":{\"@id\":\"https:\/\/www.celaplatforms.com\/it\/nuova-cela-dt-truck-28-fe-per-patente-b-presentata-alla-prima-edizione-del-cela-dealer-expo\/\"},\"author\":{\"name\":\"veronica@1212.agency\",\"@id\":\"https:\/\/www.celaplatforms.com\/it\/#\/schema\/person\/8b0b641a53ced75edb14de1cfe840642\"},\"headline\":\"Nuova CELA DT Truck 28 FE per patente B presentata alla Prima Edizione del CELA DEALER EXPO\",\"datePublished\":\"2024-06-14T15:43:30+00:00\",\"dateModified\":\"2024-06-14T15:55:49+00:00\",\"mainEntityOfPage\":{\"@id\":\"https:\/\/www.celaplatforms.com\/it\/nuova-cela-dt-truck-28-fe-per-patente-b-presentata-alla-prima-edizione-del-cela-dealer-expo\/\"},\"wordCount\":413,\"commentCount\":0,\"publisher\":{\"@id\":\"https:\/\/www.celaplatforms.com\/it\/#organization\"},\"image\":{\"@id\":\"https:\/\/www.celaplatforms.com\/it\/nuova-cela-dt-truck-28-fe-per-patente-b-presentata-alla-prima-edizione-del-cela-dealer-expo\/#primaryimage\"},\"thumbnailUrl\":\"https:\/\/www.celaplatforms.com\/wp-content\/uploads\/2024\/06\/IMG_9975-scaled.jpeg\",\"articleSection\":[\"Non categorizzato\"],\"inLanguage\":\"it-IT\",\"potentialAction\":[{\"@type\":\"CommentAction\",\"name\":\"Comment\",\"target\":[\"https:\/\/www.celaplatforms.com\/it\/nuova-cela-dt-truck-28-fe-per-patente-b-presentata-alla-prima-edizione-del-cela-dealer-expo\/#respond\"]}]},{\"@type\":\"WebPage\",\"@id\":\"https:\/\/www.celaplatforms.com\/it\/nuova-cela-dt-truck-28-fe-per-patente-b-presentata-alla-prima-edizione-del-cela-dealer-expo\/\",\"url\":\"https:\/\/www.celaplatforms.com\/it\/nuova-cela-dt-truck-28-fe-per-patente-b-presentata-alla-prima-edizione-del-cela-dealer-expo\/\",\"name\":\"Nuova CELA DT Truck 28 FE per patente B presentata alla Prima Edizione del CELA DEALER EXPO - Cela\",\"isPartOf\":{\"@id\":\"https:\/\/www.celaplatforms.com\/it\/#website\"},\"primaryImageOfPage\":{\"@id\":\"https:\/\/www.celaplatforms.com\/it\/nuova-cela-dt-truck-28-fe-per-patente-b-presentata-alla-prima-edizione-del-cela-dealer-expo\/#primaryimage\"},\"image\":{\"@id\":\"https:\/\/www.celaplatforms.com\/it\/nuova-cela-dt-truck-28-fe-per-patente-b-presentata-alla-prima-edizione-del-cela-dealer-expo\/#primaryimage\"},\"thumbnailUrl\":\"https:\/\/www.celaplatforms.com\/wp-content\/uploads\/2024\/06\/IMG_9975-scaled.jpeg\",\"datePublished\":\"2024-06-14T15:43:30+00:00\",\"dateModified\":\"2024-06-14T15:55:49+00:00\",\"description\":\"Nuova CELA DT Truck 28 FE per patente B presentata alla Prima Edizione del CELA DEALER EXPO\",\"breadcrumb\":{\"@id\":\"https:\/\/www.celaplatforms.com\/it\/nuova-cela-dt-truck-28-fe-per-patente-b-presentata-alla-prima-edizione-del-cela-dealer-expo\/#breadcrumb\"},\"inLanguage\":\"it-IT\",\"potentialAction\":[{\"@type\":\"ReadAction\",\"target\":[\"https:\/\/www.celaplatforms.com\/it\/nuova-cela-dt-truck-28-fe-per-patente-b-presentata-alla-prima-edizione-del-cela-dealer-expo\/\"]}]},{\"@type\":\"ImageObject\",\"inLanguage\":\"it-IT\",\"@id\":\"https:\/\/www.celaplatforms.com\/it\/nuova-cela-dt-truck-28-fe-per-patente-b-presentata-alla-prima-edizione-del-cela-dealer-expo\/#primaryimage\",\"url\":\"https:\/\/www.celaplatforms.com\/wp-content\/uploads\/2024\/06\/IMG_9975-scaled.jpeg\",\"contentUrl\":\"https:\/\/www.celaplatforms.com\/wp-content\/uploads\/2024\/06\/IMG_9975-scaled.jpeg\",\"width\":2560,\"height\":1920},{\"@type\":\"BreadcrumbList\",\"@id\":\"https:\/\/www.celaplatforms.com\/it\/nuova-cela-dt-truck-28-fe-per-patente-b-presentata-alla-prima-edizione-del-cela-dealer-expo\/#breadcrumb\",\"itemListElement\":[{\"@type\":\"ListItem\",\"position\":1,\"name\":\"Home\",\"item\":\"https:\/\/www.celaplatforms.com\/it\/\"},{\"@type\":\"ListItem\",\"position\":2,\"name\":\"Nuova CELA DT Truck 28 FE per patente B presentata alla Prima Edizione del CELA DEALER EXPO\"}]},{\"@type\":\"WebSite\",\"@id\":\"https:\/\/www.celaplatforms.com\/it\/#website\",\"url\":\"https:\/\/www.celaplatforms.com\/it\/\",\"name\":\"Cela\",\"description\":\"Global supplier of aerial platforms\",\"publisher\":{\"@id\":\"https:\/\/www.celaplatforms.com\/it\/#organization\"},\"potentialAction\":[{\"@type\":\"SearchAction\",\"target\":{\"@type\":\"EntryPoint\",\"urlTemplate\":\"https:\/\/www.celaplatforms.com\/it\/?s={search_term_string}\"},\"query-input\":{\"@type\":\"PropertyValueSpecification\",\"valueRequired\":true,\"valueName\":\"search_term_string\"}}],\"inLanguage\":\"it-IT\"},{\"@type\":\"Organization\",\"@id\":\"https:\/\/www.celaplatforms.com\/it\/#organization\",\"name\":\"Cela Srl\",\"url\":\"https:\/\/www.celaplatforms.com\/it\/\",\"logo\":{\"@type\":\"ImageObject\",\"inLanguage\":\"it-IT\",\"@id\":\"https:\/\/www.celaplatforms.com\/it\/#\/schema\/logo\/image\/\",\"url\":\"https:\/\/1212.agency\/cela2\/wp-content\/uploads\/2023\/07\/CELA1.png\",\"contentUrl\":\"https:\/\/1212.agency\/cela2\/wp-content\/uploads\/2023\/07\/CELA1.png\",\"width\":4204,\"height\":689,\"caption\":\"Cela Srl\"},\"image\":{\"@id\":\"https:\/\/www.celaplatforms.com\/it\/#\/schema\/logo\/image\/\"}},{\"@type\":\"Person\",\"@id\":\"https:\/\/www.celaplatforms.com\/it\/#\/schema\/person\/8b0b641a53ced75edb14de1cfe840642\",\"name\":\"veronica@1212.agency\",\"image\":{\"@type\":\"ImageObject\",\"inLanguage\":\"it-IT\",\"@id\":\"https:\/\/www.celaplatforms.com\/it\/#\/schema\/person\/image\/\",\"url\":\"https:\/\/secure.gravatar.com\/avatar\/2700b76feacd6554f1a1eb9ebe1de1db0a92cfa4e7ccd840603808f9f37409a0?s=96&d=mm&r=g\",\"contentUrl\":\"https:\/\/secure.gravatar.com\/avatar\/2700b76feacd6554f1a1eb9ebe1de1db0a92cfa4e7ccd840603808f9f37409a0?s=96&d=mm&r=g\",\"caption\":\"veronica@1212.agency\"},\"sameAs\":[\"https:\/\/1212.agency\/cela2\"],\"url\":\"https:\/\/www.celaplatforms.com\/it\/author\/veronica1212-agency\/\"}]}<\/script>\n<!-- \/ Yoast SEO plugin. -->","yoast_head_json":{"title":"Nuova CELA DT Truck 28 FE per patente B presentata alla Prima Edizione del CELA DEALER EXPO - Cela","description":"Nuova CELA DT Truck 28 FE per patente B presentata alla Prima Edizione del CELA DEALER EXPO","robots":{"index":"index","follow":"follow","max-snippet":"max-snippet:-1","max-image-preview":"max-image-preview:large","max-video-preview":"max-video-preview:-1"},"canonical":"https:\/\/www.celaplatforms.com\/it\/nuova-cela-dt-truck-28-fe-per-patente-b-presentata-alla-prima-edizione-del-cela-dealer-expo\/","og_locale":"it_IT","og_type":"article","og_title":"Nuova CELA DT Truck 28 FE per patente B presentata alla Prima Edizione del CELA DEALER EXPO - Cela","og_description":"Nuova CELA DT Truck 28 FE per patente B presentata alla Prima Edizione del CELA DEALER EXPO","og_url":"https:\/\/www.celaplatforms.com\/it\/nuova-cela-dt-truck-28-fe-per-patente-b-presentata-alla-prima-edizione-del-cela-dealer-expo\/","og_site_name":"Cela","article_published_time":"2024-06-14T15:43:30+00:00","article_modified_time":"2024-06-14T15:55:49+00:00","og_image":[{"width":2560,"height":1920,"url":"https:\/\/www.celaplatforms.com\/wp-content\/uploads\/2024\/06\/IMG_9975-scaled.jpeg","type":"image\/jpeg"}],"author":"veronica@1212.agency","twitter_card":"summary_large_image","twitter_misc":{"Scritto da":"veronica@1212.agency","Tempo di lettura stimato":"2 minuti"},"schema":{"@context":"https:\/\/schema.org","@graph":[{"@type":"Article","@id":"https:\/\/www.celaplatforms.com\/it\/nuova-cela-dt-truck-28-fe-per-patente-b-presentata-alla-prima-edizione-del-cela-dealer-expo\/#article","isPartOf":{"@id":"https:\/\/www.celaplatforms.com\/it\/nuova-cela-dt-truck-28-fe-per-patente-b-presentata-alla-prima-edizione-del-cela-dealer-expo\/"},"author":{"name":"veronica@1212.agency","@id":"https:\/\/www.celaplatforms.com\/it\/#\/schema\/person\/8b0b641a53ced75edb14de1cfe840642"},"headline":"Nuova CELA DT Truck 28 FE per patente B presentata alla Prima Edizione del CELA DEALER EXPO","datePublished":"2024-06-14T15:43:30+00:00","dateModified":"2024-06-14T15:55:49+00:00","mainEntityOfPage":{"@id":"https:\/\/www.celaplatforms.com\/it\/nuova-cela-dt-truck-28-fe-per-patente-b-presentata-alla-prima-edizione-del-cela-dealer-expo\/"},"wordCount":413,"commentCount":0,"publisher":{"@id":"https:\/\/www.celaplatforms.com\/it\/#organization"},"image":{"@id":"https:\/\/www.celaplatforms.com\/it\/nuova-cela-dt-truck-28-fe-per-patente-b-presentata-alla-prima-edizione-del-cela-dealer-expo\/#primaryimage"},"thumbnailUrl":"https:\/\/www.celaplatforms.com\/wp-content\/uploads\/2024\/06\/IMG_9975-scaled.jpeg","articleSection":["Non categorizzato"],"inLanguage":"it-IT","potentialAction":[{"@type":"CommentAction","name":"Comment","target":["https:\/\/www.celaplatforms.com\/it\/nuova-cela-dt-truck-28-fe-per-patente-b-presentata-alla-prima-edizione-del-cela-dealer-expo\/#respond"]}]},{"@type":"WebPage","@id":"https:\/\/www.celaplatforms.com\/it\/nuova-cela-dt-truck-28-fe-per-patente-b-presentata-alla-prima-edizione-del-cela-dealer-expo\/","url":"https:\/\/www.celaplatforms.com\/it\/nuova-cela-dt-truck-28-fe-per-patente-b-presentata-alla-prima-edizione-del-cela-dealer-expo\/","name":"Nuova CELA DT Truck 28 FE per patente B presentata alla Prima Edizione del CELA DEALER EXPO - Cela","isPartOf":{"@id":"https:\/\/www.celaplatforms.com\/it\/#website"},"primaryImageOfPage":{"@id":"https:\/\/www.celaplatforms.com\/it\/nuova-cela-dt-truck-28-fe-per-patente-b-presentata-alla-prima-edizione-del-cela-dealer-expo\/#primaryimage"},"image":{"@id":"https:\/\/www.celaplatforms.com\/it\/nuova-cela-dt-truck-28-fe-per-patente-b-presentata-alla-prima-edizione-del-cela-dealer-expo\/#primaryimage"},"thumbnailUrl":"https:\/\/www.celaplatforms.com\/wp-content\/uploads\/2024\/06\/IMG_9975-scaled.jpeg","datePublished":"2024-06-14T15:43:30+00:00","dateModified":"2024-06-14T15:55:49+00:00","description":"Nuova CELA DT Truck 28 FE per patente B presentata alla Prima Edizione del CELA DEALER EXPO","breadcrumb":{"@id":"https:\/\/www.celaplatforms.com\/it\/nuova-cela-dt-truck-28-fe-per-patente-b-presentata-alla-prima-edizione-del-cela-dealer-expo\/#breadcrumb"},"inLanguage":"it-IT","potentialAction":[{"@type":"ReadAction","target":["https:\/\/www.celaplatforms.com\/it\/nuova-cela-dt-truck-28-fe-per-patente-b-presentata-alla-prima-edizione-del-cela-dealer-expo\/"]}]},{"@type":"ImageObject","inLanguage":"it-IT","@id":"https:\/\/www.celaplatforms.com\/it\/nuova-cela-dt-truck-28-fe-per-patente-b-presentata-alla-prima-edizione-del-cela-dealer-expo\/#primaryimage","url":"https:\/\/www.celaplatforms.com\/wp-content\/uploads\/2024\/06\/IMG_9975-scaled.jpeg","contentUrl":"https:\/\/www.celaplatforms.com\/wp-content\/uploads\/2024\/06\/IMG_9975-scaled.jpeg","width":2560,"height":1920},{"@type":"BreadcrumbList","@id":"https:\/\/www.celaplatforms.com\/it\/nuova-cela-dt-truck-28-fe-per-patente-b-presentata-alla-prima-edizione-del-cela-dealer-expo\/#breadcrumb","itemListElement":[{"@type":"ListItem","position":1,"name":"Home","item":"https:\/\/www.celaplatforms.com\/it\/"},{"@type":"ListItem","position":2,"name":"Nuova CELA DT Truck 28 FE per patente B presentata alla Prima Edizione del CELA DEALER EXPO"}]},{"@type":"WebSite","@id":"https:\/\/www.celaplatforms.com\/it\/#website","url":"https:\/\/www.celaplatforms.com\/it\/","name":"Cela","description":"Global supplier of aerial platforms","publisher":{"@id":"https:\/\/www.celaplatforms.com\/it\/#organization"},"potentialAction":[{"@type":"SearchAction","target":{"@type":"EntryPoint","urlTemplate":"https:\/\/www.celaplatforms.com\/it\/?s={search_term_string}"},"query-input":{"@type":"PropertyValueSpecification","valueRequired":true,"valueName":"search_term_string"}}],"inLanguage":"it-IT"},{"@type":"Organization","@id":"https:\/\/www.celaplatforms.com\/it\/#organization","name":"Cela Srl","url":"https:\/\/www.celaplatforms.com\/it\/","logo":{"@type":"ImageObject","inLanguage":"it-IT","@id":"https:\/\/www.celaplatforms.com\/it\/#\/schema\/logo\/image\/","url":"https:\/\/1212.agency\/cela2\/wp-content\/uploads\/2023\/07\/CELA1.png","contentUrl":"https:\/\/1212.agency\/cela2\/wp-content\/uploads\/2023\/07\/CELA1.png","width":4204,"height":689,"caption":"Cela Srl"},"image":{"@id":"https:\/\/www.celaplatforms.com\/it\/#\/schema\/logo\/image\/"}},{"@type":"Person","@id":"https:\/\/www.celaplatforms.com\/it\/#\/schema\/person\/8b0b641a53ced75edb14de1cfe840642","name":"veronica@1212.agency","image":{"@type":"ImageObject","inLanguage":"it-IT","@id":"https:\/\/www.celaplatforms.com\/it\/#\/schema\/person\/image\/","url":"https:\/\/secure.gravatar.com\/avatar\/2700b76feacd6554f1a1eb9ebe1de1db0a92cfa4e7ccd840603808f9f37409a0?s=96&d=mm&r=g","contentUrl":"https:\/\/secure.gravatar.com\/avatar\/2700b76feacd6554f1a1eb9ebe1de1db0a92cfa4e7ccd840603808f9f37409a0?s=96&d=mm&r=g","caption":"veronica@1212.agency"},"sameAs":["https:\/\/1212.agency\/cela2"],"url":"https:\/\/www.celaplatforms.com\/it\/author\/veronica1212-agency\/"}]}},"_links":{"self":[{"href":"https:\/\/www.celaplatforms.com\/it\/wp-json\/wp\/v2\/posts\/5410","targetHints":{"allow":["GET"]}}],"collection":[{"href":"https:\/\/www.celaplatforms.com\/it\/wp-json\/wp\/v2\/posts"}],"about":[{"href":"https:\/\/www.celaplatforms.com\/it\/wp-json\/wp\/v2\/types\/post"}],"author":[{"embeddable":true,"href":"https:\/\/www.celaplatforms.com\/it\/wp-json\/wp\/v2\/users\/1"}],"replies":[{"embeddable":true,"href":"https:\/\/www.celaplatforms.com\/it\/wp-json\/wp\/v2\/comments?post=5410"}],"version-history":[{"count":2,"href":"https:\/\/www.celaplatforms.com\/it\/wp-json\/wp\/v2\/posts\/5410\/revisions"}],"predecessor-version":[{"id":5413,"href":"https:\/\/www.celaplatforms.com\/it\/wp-json\/wp\/v2\/posts\/5410\/revisions\/5413"}],"wp:featuredmedia":[{"embeddable":true,"href":"https:\/\/www.celaplatforms.com\/it\/wp-json\/wp\/v2\/media\/5397"}],"wp:attachment":[{"href":"https:\/\/www.celaplatforms.com\/it\/wp-json\/wp\/v2\/media?parent=5410"}],"wp:term":[{"taxonomy":"category","embeddable":true,"href":"https:\/\/www.celaplatforms.com\/it\/wp-json\/wp\/v2\/categories?post=5410"},{"taxonomy":"post_tag","embeddable":true,"href":"https:\/\/www.celaplatforms.com\/it\/wp-json\/wp\/v2\/tags?post=5410"}],"curies":[{"name":"wp","href":"https:\/\/api.w.org\/{rel}","templated":true}]}}